{"id":2779,"date":"2016-07-12T15:18:12","date_gmt":"2016-07-12T14:18:12","guid":{"rendered":"https:\/\/www.incluso.se\/?p=2779"},"modified":"2016-08-16T16:13:19","modified_gmt":"2016-08-16T15:13:19","slug":"incluso-soker-en-ifo-chef-individ-och-familjeomsorgen-till-kungsors-kommun","status":"publish","type":"post","link":"https:\/\/www.incluso.se\/en\/incluso-soker-en-ifo-chef-individ-och-familjeomsorgen-till-kungsors-kommun\/","title":{"rendered":"Incluso s\u00f6ker en IFO-chef (Individ- och familjeomsorgen) till Kungs\u00f6rs kommun"},"content":{"rendered":"<p>[et_pb_section admin_label=&#8221;section&#8221; transparent_background=&#8221;off&#8221; allow_player_pause=&#8221;off&#8221; inner_shadow=&#8221;off&#8221; parallax=&#8221;off&#8221; parallax_method=&#8221;off&#8221; padding_mobile=&#8221;off&#8221; make_fullwidth=&#8221;off&#8221; use_custom_width=&#8221;off&#8221; width_unit=&#8221;on&#8221; make_equal=&#8221;off&#8221; use_custom_gutter=&#8221;off&#8221;][et_pb_row admin_label=&#8221;row&#8221;][et_pb_column type=&#8221;4_4&#8243;][et_pb_post_title admin_label=&#8221;Post Title&#8221; title=&#8221;on&#8221; meta=&#8221;on&#8221; author=&#8221;off&#8221; date=&#8221;on&#8221; categories=&#8221;off&#8221; comments=&#8221;off&#8221; featured_image=&#8221;on&#8221; featured_placement=&#8221;below&#8221; parallax_effect=&#8221;on&#8221; parallax_method=&#8221;on&#8221; text_orientation=&#8221;center&#8221; text_color=&#8221;dark&#8221; text_background=&#8221;off&#8221; text_bg_color=&#8221;rgba(255,255,255,0.9)&#8221; module_bg_color=&#8221;rgba(255,255,255,0)&#8221; title_all_caps=&#8221;off&#8221; use_border_color=&#8221;off&#8221; border_color=&#8221;#ffffff&#8221; border_style=&#8221;solid&#8221;] [\/et_pb_post_title][et_pb_image admin_label=&#8221;Image&#8221; show_in_lightbox=&#8221;off&#8221; url_new_window=&#8221;off&#8221; animation=&#8221;off&#8221; sticky=&#8221;off&#8221; align=&#8221;center&#8221; force_fullwidth=&#8221;off&#8221; always_center_on_mobile=&#8221;on&#8221; use_border_color=&#8221;off&#8221; border_color=&#8221;#ffffff&#8221; border_style=&#8221;solid&#8221; src=&#8221;https:\/\/www.incluso.se\/wp-content\/uploads\/2016\/06\/Kungs\u00f6r200bred.png&#8221; use_overlay=&#8221;off&#8221;] [\/et_pb_image][et_pb_text admin_label=&#8221;Text Inneh\u00e5ll\/Body&#8221; background_layout=&#8221;light&#8221; text_orientation=&#8221;left&#8221; use_border_color=&#8221;off&#8221; border_color=&#8221;#ffffff&#8221; border_style=&#8221;solid&#8221;]<\/p>\n<p>&nbsp;<\/p>\n<p><strong>Incluso s\u00f6ker en IFO-chef (Individ- och familjeomsorgen) till Kungs\u00f6rs kommun<\/strong><\/p>\n<p><em>Kungs\u00f6rs kommun \u00e4r en sp\u00e4nnande arbetsplats som pr\u00e4glas av en dynamisk och modern organisation. I rollen som IFO-chef erbjuds du m\u00f6jligheter att utvecklas och p\u00e5verka \u2013 det finns n\u00e4rhet b\u00e5de till medborgare och beslut. Kungs\u00f6r \u00e4r en natursk\u00f6n kommun med n\u00e4rhet till M\u00e4larens innersta fj\u00e4rd och ligger p\u00e5 pendlingsavst\u00e5nd till st\u00e4der som t ex Eskilstuna, \u00d6rebro, V\u00e4ster\u00e5s och Stockholm.<\/em><\/p>\n<p>Individ- och familjeomsorgen i Kungs\u00f6rs kommun \u00e4r inne i en positiv och sp\u00e4nnande utveckling och som IFO-chef har du en ledande, utvecklande och samordnande roll inom omr\u00e5det. Du har ett \u00f6vergripande ansvar f\u00f6r arbetsmilj\u00f6, budget, kvalitetsuppf\u00f6ljning och personalfr\u00e5gor.<\/p>\n<p>Vi erbjuder dig ett stimulerande arbete med m\u00f6jligheter att forma utvecklingen inom IFO i Kungs\u00f6r. Den vi s\u00f6ker ska vara tydlig och trygg i sin chef- och ledarroll. Du ska ha f\u00f6rm\u00e5ga att st\u00f6tta och inspirera medarbetare i s\u00e5v\u00e4l dagligt arbete som i utvecklingsarbete. Du ska kunna t\u00e4nka l\u00e5ngsiktigt och strategiskt, f\u00f6rst\u00e5 konsekvenser av olika beslut samt ha mod och f\u00f6rm\u00e5ga att kommunicera b\u00e5de upp\u00e5t och ned\u00e5t i verksamheten. Inom kommunen finns goda karri\u00e4rm\u00f6jligheter d\u00e5 man ing\u00e5r i kommunens chefutvecklingsprogram och agerar st\u00e4llf\u00f6retr\u00e4dande Socialchef vid dennes fr\u00e5nvaro. Kanske \u00e4r du i framtiden Kungs\u00f6rs n\u00e4sta Socialchef?<\/p>\n<p>Individ- och familjeomsorgen i Kungs\u00f6rs kommun har ett 20-tal ytterst kompetenta och erfarna medarbetare, verksamheten inneh\u00e5ller b\u00e5de myndighetsut\u00f6vande och behandlande med inriktning mot olika m\u00e5lgrupper. IFO-chefen \u00e4r direkt underst\u00e4lld socialchefen och ing\u00e5r i socialf\u00f6rvaltningens ledningsgrupp, du medverkar ocks\u00e5 som representant f\u00f6r Kungs\u00f6rs kommun i vissa l\u00e4ns\u00f6vergripande sammanhang. I ditt uppdrag ing\u00e5r \u00e4ven att bereda, f\u00f6redraga och verkst\u00e4lla \u00e4renden som avser socialn\u00e4mnden.<\/p>\n<p><strong>Kvalifikationer:<br \/>\n<\/strong>&#8211; Du har socionomexamen eller likv\u00e4rdig h\u00f6gskoleutbildning.<br \/>\n&#8211; Du har erfarenhet av att ha arbetat\u00a0som socialsekreterare med myndighetsut\u00f6vning samt erfarenhet fr\u00e5n ledande positioner inom individ- och familjeomsorgen eller motsvarande verksamhet.<br \/>\n&#8211; Vi vill att du \u00e4r v\u00e4l f\u00f6rtrogen med organisatoriska och strategiska fr\u00e5gor samt lagstiftningen inom socialtj\u00e4nstens omr\u00e5de.<br \/>\n&#8211; Vidare skall du ha erfarenhet av samverkan med andra myndigheter och akt\u00f6rer inom det sociala omr\u00e5det.<br \/>\n&#8211; Det \u00e4r en f\u00f6rdel om du har erfarenhet av ledningsarbete i en politiskt styrd organisation.<\/p>\n<p>Som person \u00e4r du en l\u00f6sningsfokuserad ledare med en mycket god motivations- och kommunikationsf\u00f6rm\u00e5ga, b\u00e5de i tal och skrift p\u00e5 svenska och engelska.<\/p>\n<p><strong>Kungs\u00f6rs kommun:<br \/>\n<\/strong>Kungs\u00f6rs kommun \u00e4r en trevlig kommun mitt i den expansiva M\u00e4lardalsregionen. H\u00e4r \u00e4r det n\u00e4ra till fantastisk natur, M\u00e4larens vatten och ett aktivt fritidsliv. Kommunen har befolkningstillv\u00e4xt och f\u00f6rbereder bland annat f\u00f6r ny skola, nytt \u00e4ldreboende och nya sj\u00f6n\u00e4ra tomter. Ett arbete\u00a0i Kungs\u00f6r betyder ett arbete\u00a0i en av Sveriges mindre kommuner, med n\u00e4rhet b\u00e5de mellan m\u00e4nniskor och platser.<br \/>\n<a href=\"http:\/\/www.kungsor.se\/\">Hemsida<\/a><\/p>\n<p><strong>Kontakt:<br \/>\n<\/strong>Ansvarig rekryteringskonsult p\u00e5 Incluso f\u00f6r rollen \u00e4r Marianne Nilsson.<br \/>\nAns\u00f6kningar tas emot l\u00f6pande d\u00e5 tj\u00e4nsten ska tills\u00e4ttas snarast m\u00f6jligt.<br \/>\nSkicka din ans\u00f6kan och CV till <a href=\"mailto:marianne@incluso.se\">marianne@incluso.se<\/a>.<br \/>\nM\u00e4rk ditt mail med \u201dIFO-chef Kungs\u00f6rs kommun \u201d.<\/p>\n<p>Marianne n\u00e5s \u00e4ven p\u00e5 telefon 0704-174419 om du har fr\u00e5gor r\u00f6rande tj\u00e4nsten.<\/p>\n<p>&nbsp;<\/p>\n<p>[\/et_pb_text][et_pb_text admin_label=&#8221;Social media share&#8221; background_layout=&#8221;light&#8221; text_orientation=&#8221;left&#8221; use_border_color=&#8221;off&#8221; border_color=&#8221;#ffffff&#8221; border_style=&#8221;solid&#8221;]<\/p>\n<p><a href=\"https:\/\/www.linkedin.com\/shareArticle?mini=true&amp;url=http%3A\/\/www.incluso.se\/ifo-chef-till-kungsor\/&amp;title=IFO-chef%20till%20Kungs%C3%B6r%20Kommun&amp;summary=&amp;source=\" target=\"_blank\"><img wpfc-lazyload-disable=\"true\" loading=\"lazy\" decoding=\"async\" class=\"alignnone wp-image-1449 size-full\" title=\"Dela p\u00e5 LinkedIn\" src=\"https:\/\/www.incluso.se\/wp-content\/uploads\/2015\/11\/incluso-symbol-linkedin-orange30.png\" width=\"29\" height=\"30\" \/><\/a>\u00a0 \u00a0\u00a0<a href=\"https:\/\/www.facebook.com\/sharer\/sharer.php?u=http%3A\/\/www.incluso.se\/ifo-chef-till-kungsor\/\" target=\"_blank\"><img wpfc-lazyload-disable=\"true\" loading=\"lazy\" decoding=\"async\" class=\"alignnone wp-image-1448 size-full\" title=\"Dela p\u00e5 Facebook\" src=\"https:\/\/www.incluso.se\/wp-content\/uploads\/2015\/11\/incluso-symbol-facebook-orange30.png\" width=\"30\" height=\"30\" \/><\/a>\u00a0 \u00a0 <a href=\"https:\/\/twitter.com\/home?status=http%3A\/\/www.incluso.se\/ifo-chef-till-kungsor\/\" target=\"_blank\"><img wpfc-lazyload-disable=\"true\" loading=\"lazy\" decoding=\"async\" class=\"alignnone wp-image-1450 size-full\" title=\"Dela p\u00e5 Twitter\" src=\"https:\/\/www.incluso.se\/wp-content\/uploads\/2015\/11\/incluso-symbol-twitter-orange30.png\" width=\"37\" height=\"30\" \/><\/a>\u00a0 \u00a0\u00a0<a href=\"mailto:?&amp;subject=IFO-chef till Kungs\u00f6r Kommun&amp;body=http%3A\/\/www.incluso.se\/ifo-chef-till-kungsor\/\" target=\"_blank\"><img wpfc-lazyload-disable=\"true\" loading=\"lazy\" decoding=\"async\" class=\"alignnone wp-image-1535 size-full\" title=\"Maila nyheten\" src=\"https:\/\/www.incluso.se\/wp-content\/uploads\/2015\/11\/incluso-icon-mail-2-orange.png\" alt=\"incluso-icon-mail-2-orange\" width=\"45\" height=\"30\" \/><\/a><\/p>\n<p>[\/et_pb_text][et_pb_divider admin_label=&#8221;Divider&#8221; color=&#8221;#f17c30&#8243; show_divider=&#8221;on&#8221; divider_style=&#8221;solid&#8221; divider_position=&#8221;top&#8221; hide_on_mobile=&#8221;off&#8221;] [\/et_pb_divider][\/et_pb_column][\/et_pb_row][et_pb_row admin_label=&#8221;Row&#8221; make_fullwidth=&#8221;off&#8221; use_custom_width=&#8221;off&#8221; width_unit=&#8221;on&#8221; use_custom_gutter=&#8221;off&#8221; padding_mobile=&#8221;off&#8221; allow_player_pause=&#8221;off&#8221; parallax=&#8221;off&#8221; parallax_method=&#8221;off&#8221; make_equal=&#8221;off&#8221; padding_left_2=&#8221;0&#8243; column_padding_mobile=&#8221;on&#8221;][et_pb_column type=&#8221;1_4&#8243;][et_pb_image admin_label=&#8221;Marianne&#8221; src=&#8221;https:\/\/www.incluso.se\/wp-content\/uploads\/2015\/11\/Marianne-p\u00e5-Incluso.png&#8221; show_in_lightbox=&#8221;off&#8221; url_new_window=&#8221;off&#8221; animation=&#8221;off&#8221; sticky=&#8221;off&#8221; align=&#8221;left&#8221; force_fullwidth=&#8221;off&#8221; always_center_on_mobile=&#8221;on&#8221; use_border_color=&#8221;off&#8221; border_color=&#8221;#ffffff&#8221; border_style=&#8221;solid&#8221; use_overlay=&#8221;off&#8221;]<\/p>\n<p>[\/et_pb_image][\/et_pb_column][et_pb_column type=&#8221;1_4&#8243;][et_pb_text admin_label=&#8221;Text&#8221; background_layout=&#8221;light&#8221; text_orientation=&#8221;left&#8221; use_border_color=&#8221;off&#8221; border_color=&#8221;#ffffff&#8221; border_style=&#8221;solid&#8221;]<\/p>\n<p>Marianne Nilsson<br \/>\n<em style=\"line-height: 1.5;\">Rekryteringsansvarig<\/em><\/p>\n<p><span style=\"color: #ff6600;\">marianne<a style=\"color: #ff6600;\" href=\"mailto:david@incluso.se\" target=\"_blank\">@incluso.se<br \/>\n<\/a><\/span>0704 &#8211; 174419<a href=\"https:\/\/www.incluso.se\" target=\"_blank\"><br \/>\nwww.incluso.se<\/a><\/p>\n<p>[\/et_pb_text][\/et_pb_column][et_pb_column type=&#8221;1_4&#8243;][\/et_pb_column][et_pb_column type=&#8221;1_4&#8243;][\/et_pb_column][\/et_pb_row][et_pb_row admin_label=&#8221;Row&#8221;][et_pb_column type=&#8221;4_4&#8243;][et_pb_divider admin_label=&#8221;Divider&#8221; color=&#8221;#f17c30&#8243; show_divider=&#8221;on&#8221; divider_style=&#8221;solid&#8221; divider_position=&#8221;top&#8221; hide_on_mobile=&#8221;off&#8221;] [\/et_pb_divider][\/et_pb_column][\/et_pb_row][\/et_pb_section]<\/p>\n","protected":false},"excerpt":{"rendered":"<p>[et_pb_section admin_label=&#8221;section&#8221; transparent_background=&#8221;off&#8221; allow_player_pause=&#8221;off&#8221; inner_shadow=&#8221;off&#8221; parallax=&#8221;off&#8221; parallax_method=&#8221;off&#8221; padding_mobile=&#8221;off&#8221; make_fullwidth=&#8221;off&#8221; use_custom_width=&#8221;off&#8221; width_unit=&#8221;on&#8221; make_equal=&#8221;off&#8221; use_custom_gutter=&#8221;off&#8221;][et_pb_row admin_label=&#8221;row&#8221;][et_pb_column type=&#8221;4_4&#8243;][et_pb_post_title admin_label=&#8221;Post Title&#8221; title=&#8221;on&#8221; meta=&#8221;on&#8221; author=&#8221;off&#8221; date=&#8221;on&#8221; categories=&#8221;off&#8221; comments=&#8221;off&#8221; featured_image=&#8221;on&#8221; featured_placement=&#8221;below&#8221; parallax_effect=&#8221;on&#8221; parallax_method=&#8221;on&#8221; text_orientation=&#8221;center&#8221; text_color=&#8221;dark&#8221; text_background=&#8221;off&#8221; text_bg_color=&#8221;rgba(255,255,255,0.9)&#8221; module_bg_color=&#8221;rgba(255,255,255,0)&#8221; title_all_caps=&#8221;off&#8221; use_border_color=&#8221;off&#8221; border_color=&#8221;#ffffff&#8221; border_style=&#8221;solid&#8221;] [\/et_pb_post_title][et_pb_image admin_label=&#8221;Image&#8221; show_in_lightbox=&#8221;off&#8221; url_new_window=&#8221;off&#8221; animation=&#8221;off&#8221; sticky=&#8221;off&#8221; align=&#8221;center&#8221; force_fullwidth=&#8221;off&#8221; always_center_on_mobile=&#8221;on&#8221; use_border_color=&#8221;off&#8221; border_color=&#8221;#ffffff&#8221; border_style=&#8221;solid&#8221; src=&#8221;https:\/\/www.incluso.se\/wp-content\/uploads\/2016\/06\/Kungs\u00f6r200bred.png&#8221; use_overlay=&#8221;off&#8221;] [\/et_pb_image][et_pb_text admin_label=&#8221;Text Inneh\u00e5ll\/Body&#8221; background_layout=&#8221;light&#8221; text_orientation=&#8221;left&#8221; [&hellip;]<\/p>\n","protected":false},"author":1,"featured_media":0,"comment_status":"closed","ping_status":"open","sticky":false,"template":"","format":"standard","meta":{"_et_pb_use_builder":"","_et_pb_old_content":"","_et_gb_content_width":"","_monsterinsights_skip_tracking":false,"_monsterinsights_sitenote_active":false,"_monsterinsights_sitenote_note":"","_monsterinsights_sitenote_category":0,"footnotes":""},"categories":[9],"tags":[],"class_list":["post-2779","post","type-post","status-publish","format-standard","hentry","category-nyheter-en"],"yoast_head":"<!-- This site is optimized with the Yoast SEO plugin v27.3 - https:\/\/yoast.com\/product\/yoast-seo-wordpress\/ -->\n<title>IFO-chef | Kungs\u00f6r | Incluso<\/title>\n<meta name=\"description\" content=\"Vi s\u00f6ker en IFO-chef till Kungs\u00f6rs kommun\" \/>\n<meta name=\"robots\" content=\"index, follow, max-snippet:-1, max-image-preview:large, max-video-preview:-1\" \/>\n<link rel=\"canonical\" href=\"https:\/\/www.incluso.se\/en\/incluso-soker-en-ifo-chef-individ-och-familjeomsorgen-till-kungsors-kommun\/\" \/>\n<meta name=\"twitter:label1\" content=\"Written by\" \/>\n\t<meta name=\"twitter:data1\" content=\"StefanWittmoss\" \/>\n\t<meta name=\"twitter:label2\" content=\"Est. reading time\" \/>\n\t<meta name=\"twitter:data2\" content=\"5 minutes\" \/>\n<script type=\"application\/ld+json\" class=\"yoast-schema-graph\">{\"@context\":\"https:\\\/\\\/schema.org\",\"@graph\":[{\"@type\":\"Article\",\"@id\":\"https:\\\/\\\/www.incluso.se\\\/en\\\/incluso-soker-en-ifo-chef-individ-och-familjeomsorgen-till-kungsors-kommun\\\/#article\",\"isPartOf\":{\"@id\":\"https:\\\/\\\/www.incluso.se\\\/en\\\/incluso-soker-en-ifo-chef-individ-och-familjeomsorgen-till-kungsors-kommun\\\/\"},\"author\":{\"name\":\"StefanWittmoss\",\"@id\":\"https:\\\/\\\/www.incluso.se\\\/en\\\/#\\\/schema\\\/person\\\/47200680d9ef98fea63901a5473f244b\"},\"headline\":\"Incluso s\u00f6ker en IFO-chef (Individ- och familjeomsorgen) till Kungs\u00f6rs kommun\",\"datePublished\":\"2016-07-12T14:18:12+00:00\",\"dateModified\":\"2016-08-16T15:13:19+00:00\",\"mainEntityOfPage\":{\"@id\":\"https:\\\/\\\/www.incluso.se\\\/en\\\/incluso-soker-en-ifo-chef-individ-och-familjeomsorgen-till-kungsors-kommun\\\/\"},\"wordCount\":1066,\"publisher\":{\"@id\":\"https:\\\/\\\/www.incluso.se\\\/en\\\/#organization\"},\"image\":{\"@id\":\"https:\\\/\\\/www.incluso.se\\\/en\\\/incluso-soker-en-ifo-chef-individ-och-familjeomsorgen-till-kungsors-kommun\\\/#primaryimage\"},\"thumbnailUrl\":\"https:\\\/\\\/www.incluso.se\\\/wp-content\\\/uploads\\\/2015\\\/11\\\/incluso-symbol-linkedin-orange30.png\",\"articleSection\":[\"Nyheter @en\"],\"inLanguage\":\"en-US\"},{\"@type\":\"WebPage\",\"@id\":\"https:\\\/\\\/www.incluso.se\\\/en\\\/incluso-soker-en-ifo-chef-individ-och-familjeomsorgen-till-kungsors-kommun\\\/\",\"url\":\"https:\\\/\\\/www.incluso.se\\\/en\\\/incluso-soker-en-ifo-chef-individ-och-familjeomsorgen-till-kungsors-kommun\\\/\",\"name\":\"IFO-chef | Kungs\u00f6r | Incluso\",\"isPartOf\":{\"@id\":\"https:\\\/\\\/www.incluso.se\\\/en\\\/#website\"},\"primaryImageOfPage\":{\"@id\":\"https:\\\/\\\/www.incluso.se\\\/en\\\/incluso-soker-en-ifo-chef-individ-och-familjeomsorgen-till-kungsors-kommun\\\/#primaryimage\"},\"image\":{\"@id\":\"https:\\\/\\\/www.incluso.se\\\/en\\\/incluso-soker-en-ifo-chef-individ-och-familjeomsorgen-till-kungsors-kommun\\\/#primaryimage\"},\"thumbnailUrl\":\"https:\\\/\\\/www.incluso.se\\\/wp-content\\\/uploads\\\/2015\\\/11\\\/incluso-symbol-linkedin-orange30.png\",\"datePublished\":\"2016-07-12T14:18:12+00:00\",\"dateModified\":\"2016-08-16T15:13:19+00:00\",\"description\":\"Vi s\u00f6ker en IFO-chef till Kungs\u00f6rs kommun\",\"breadcrumb\":{\"@id\":\"https:\\\/\\\/www.incluso.se\\\/en\\\/incluso-soker-en-ifo-chef-individ-och-familjeomsorgen-till-kungsors-kommun\\\/#breadcrumb\"},\"inLanguage\":\"en-US\",\"potentialAction\":[{\"@type\":\"ReadAction\",\"target\":[\"https:\\\/\\\/www.incluso.se\\\/en\\\/incluso-soker-en-ifo-chef-individ-och-familjeomsorgen-till-kungsors-kommun\\\/\"]}]},{\"@type\":\"ImageObject\",\"inLanguage\":\"en-US\",\"@id\":\"https:\\\/\\\/www.incluso.se\\\/en\\\/incluso-soker-en-ifo-chef-individ-och-familjeomsorgen-till-kungsors-kommun\\\/#primaryimage\",\"url\":\"https:\\\/\\\/www.incluso.se\\\/wp-content\\\/uploads\\\/2015\\\/11\\\/incluso-symbol-linkedin-orange30.png\",\"contentUrl\":\"https:\\\/\\\/www.incluso.se\\\/wp-content\\\/uploads\\\/2015\\\/11\\\/incluso-symbol-linkedin-orange30.png\"},{\"@type\":\"BreadcrumbList\",\"@id\":\"https:\\\/\\\/www.incluso.se\\\/en\\\/incluso-soker-en-ifo-chef-individ-och-familjeomsorgen-till-kungsors-kommun\\\/#breadcrumb\",\"itemListElement\":[{\"@type\":\"ListItem\",\"position\":1,\"name\":\"Hem\",\"item\":\"https:\\\/\\\/www.incluso.se\\\/en\\\/\"},{\"@type\":\"ListItem\",\"position\":2,\"name\":\"Incluso s\u00f6ker en IFO-chef (Individ- och familjeomsorgen) till Kungs\u00f6rs kommun\"}]},{\"@type\":\"WebSite\",\"@id\":\"https:\\\/\\\/www.incluso.se\\\/en\\\/#website\",\"url\":\"https:\\\/\\\/www.incluso.se\\\/en\\\/\",\"name\":\"Incluso\",\"description\":\"Recruitment and staffing\",\"publisher\":{\"@id\":\"https:\\\/\\\/www.incluso.se\\\/en\\\/#organization\"},\"potentialAction\":[{\"@type\":\"SearchAction\",\"target\":{\"@type\":\"EntryPoint\",\"urlTemplate\":\"https:\\\/\\\/www.incluso.se\\\/en\\\/?s={search_term_string}\"},\"query-input\":{\"@type\":\"PropertyValueSpecification\",\"valueRequired\":true,\"valueName\":\"search_term_string\"}}],\"inLanguage\":\"en-US\"},{\"@type\":\"Organization\",\"@id\":\"https:\\\/\\\/www.incluso.se\\\/en\\\/#organization\",\"name\":\"Incluso\",\"url\":\"https:\\\/\\\/www.incluso.se\\\/en\\\/\",\"logo\":{\"@type\":\"ImageObject\",\"inLanguage\":\"en-US\",\"@id\":\"https:\\\/\\\/www.incluso.se\\\/en\\\/#\\\/schema\\\/logo\\\/image\\\/\",\"url\":\"https:\\\/\\\/www.incluso.se\\\/wp-content\\\/uploads\\\/2015\\\/03\\\/Logga130.png\",\"contentUrl\":\"https:\\\/\\\/www.incluso.se\\\/wp-content\\\/uploads\\\/2015\\\/03\\\/Logga130.png\",\"width\":130,\"height\":52,\"caption\":\"Incluso\"},\"image\":{\"@id\":\"https:\\\/\\\/www.incluso.se\\\/en\\\/#\\\/schema\\\/logo\\\/image\\\/\"},\"sameAs\":[\"https:\\\/\\\/www.facebook.com\\\/inclusoAB\",\"https:\\\/\\\/x.com\\\/InclusoAB\",\"https:\\\/\\\/www.linkedin.com\\\/company\\\/incluso\\\/\"]},{\"@type\":\"Person\",\"@id\":\"https:\\\/\\\/www.incluso.se\\\/en\\\/#\\\/schema\\\/person\\\/47200680d9ef98fea63901a5473f244b\",\"name\":\"StefanWittmoss\",\"image\":{\"@type\":\"ImageObject\",\"inLanguage\":\"en-US\",\"@id\":\"https:\\\/\\\/secure.gravatar.com\\\/avatar\\\/286bfc0551342e73309b2719e407b93eb00b05f7fc965cca3a564553e93e4f3a?s=96&d=mm&r=g\",\"url\":\"https:\\\/\\\/secure.gravatar.com\\\/avatar\\\/286bfc0551342e73309b2719e407b93eb00b05f7fc965cca3a564553e93e4f3a?s=96&d=mm&r=g\",\"contentUrl\":\"https:\\\/\\\/secure.gravatar.com\\\/avatar\\\/286bfc0551342e73309b2719e407b93eb00b05f7fc965cca3a564553e93e4f3a?s=96&d=mm&r=g\",\"caption\":\"StefanWittmoss\"}}]}<\/script>\n<!-- \/ Yoast SEO plugin. -->","yoast_head_json":{"title":"IFO-chef | Kungs\u00f6r | Incluso","description":"Vi s\u00f6ker en IFO-chef till Kungs\u00f6rs kommun","robots":{"index":"index","follow":"follow","max-snippet":"max-snippet:-1","max-image-preview":"max-image-preview:large","max-video-preview":"max-video-preview:-1"},"canonical":"https:\/\/www.incluso.se\/en\/incluso-soker-en-ifo-chef-individ-och-familjeomsorgen-till-kungsors-kommun\/","twitter_misc":{"Written by":"StefanWittmoss","Est. reading time":"5 minutes"},"schema":{"@context":"https:\/\/schema.org","@graph":[{"@type":"Article","@id":"https:\/\/www.incluso.se\/en\/incluso-soker-en-ifo-chef-individ-och-familjeomsorgen-till-kungsors-kommun\/#article","isPartOf":{"@id":"https:\/\/www.incluso.se\/en\/incluso-soker-en-ifo-chef-individ-och-familjeomsorgen-till-kungsors-kommun\/"},"author":{"name":"StefanWittmoss","@id":"https:\/\/www.incluso.se\/en\/#\/schema\/person\/47200680d9ef98fea63901a5473f244b"},"headline":"Incluso s\u00f6ker en IFO-chef (Individ- och familjeomsorgen) till Kungs\u00f6rs kommun","datePublished":"2016-07-12T14:18:12+00:00","dateModified":"2016-08-16T15:13:19+00:00","mainEntityOfPage":{"@id":"https:\/\/www.incluso.se\/en\/incluso-soker-en-ifo-chef-individ-och-familjeomsorgen-till-kungsors-kommun\/"},"wordCount":1066,"publisher":{"@id":"https:\/\/www.incluso.se\/en\/#organization"},"image":{"@id":"https:\/\/www.incluso.se\/en\/incluso-soker-en-ifo-chef-individ-och-familjeomsorgen-till-kungsors-kommun\/#primaryimage"},"thumbnailUrl":"https:\/\/www.incluso.se\/wp-content\/uploads\/2015\/11\/incluso-symbol-linkedin-orange30.png","articleSection":["Nyheter @en"],"inLanguage":"en-US"},{"@type":"WebPage","@id":"https:\/\/www.incluso.se\/en\/incluso-soker-en-ifo-chef-individ-och-familjeomsorgen-till-kungsors-kommun\/","url":"https:\/\/www.incluso.se\/en\/incluso-soker-en-ifo-chef-individ-och-familjeomsorgen-till-kungsors-kommun\/","name":"IFO-chef | Kungs\u00f6r | Incluso","isPartOf":{"@id":"https:\/\/www.incluso.se\/en\/#website"},"primaryImageOfPage":{"@id":"https:\/\/www.incluso.se\/en\/incluso-soker-en-ifo-chef-individ-och-familjeomsorgen-till-kungsors-kommun\/#primaryimage"},"image":{"@id":"https:\/\/www.incluso.se\/en\/incluso-soker-en-ifo-chef-individ-och-familjeomsorgen-till-kungsors-kommun\/#primaryimage"},"thumbnailUrl":"https:\/\/www.incluso.se\/wp-content\/uploads\/2015\/11\/incluso-symbol-linkedin-orange30.png","datePublished":"2016-07-12T14:18:12+00:00","dateModified":"2016-08-16T15:13:19+00:00","description":"Vi s\u00f6ker en IFO-chef till Kungs\u00f6rs kommun","breadcrumb":{"@id":"https:\/\/www.incluso.se\/en\/incluso-soker-en-ifo-chef-individ-och-familjeomsorgen-till-kungsors-kommun\/#breadcrumb"},"inLanguage":"en-US","potentialAction":[{"@type":"ReadAction","target":["https:\/\/www.incluso.se\/en\/incluso-soker-en-ifo-chef-individ-och-familjeomsorgen-till-kungsors-kommun\/"]}]},{"@type":"ImageObject","inLanguage":"en-US","@id":"https:\/\/www.incluso.se\/en\/incluso-soker-en-ifo-chef-individ-och-familjeomsorgen-till-kungsors-kommun\/#primaryimage","url":"https:\/\/www.incluso.se\/wp-content\/uploads\/2015\/11\/incluso-symbol-linkedin-orange30.png","contentUrl":"https:\/\/www.incluso.se\/wp-content\/uploads\/2015\/11\/incluso-symbol-linkedin-orange30.png"},{"@type":"BreadcrumbList","@id":"https:\/\/www.incluso.se\/en\/incluso-soker-en-ifo-chef-individ-och-familjeomsorgen-till-kungsors-kommun\/#breadcrumb","itemListElement":[{"@type":"ListItem","position":1,"name":"Hem","item":"https:\/\/www.incluso.se\/en\/"},{"@type":"ListItem","position":2,"name":"Incluso s\u00f6ker en IFO-chef (Individ- och familjeomsorgen) till Kungs\u00f6rs kommun"}]},{"@type":"WebSite","@id":"https:\/\/www.incluso.se\/en\/#website","url":"https:\/\/www.incluso.se\/en\/","name":"Incluso","description":"Recruitment and staffing","publisher":{"@id":"https:\/\/www.incluso.se\/en\/#organization"},"potentialAction":[{"@type":"SearchAction","target":{"@type":"EntryPoint","urlTemplate":"https:\/\/www.incluso.se\/en\/?s={search_term_string}"},"query-input":{"@type":"PropertyValueSpecification","valueRequired":true,"valueName":"search_term_string"}}],"inLanguage":"en-US"},{"@type":"Organization","@id":"https:\/\/www.incluso.se\/en\/#organization","name":"Incluso","url":"https:\/\/www.incluso.se\/en\/","logo":{"@type":"ImageObject","inLanguage":"en-US","@id":"https:\/\/www.incluso.se\/en\/#\/schema\/logo\/image\/","url":"https:\/\/www.incluso.se\/wp-content\/uploads\/2015\/03\/Logga130.png","contentUrl":"https:\/\/www.incluso.se\/wp-content\/uploads\/2015\/03\/Logga130.png","width":130,"height":52,"caption":"Incluso"},"image":{"@id":"https:\/\/www.incluso.se\/en\/#\/schema\/logo\/image\/"},"sameAs":["https:\/\/www.facebook.com\/inclusoAB","https:\/\/x.com\/InclusoAB","https:\/\/www.linkedin.com\/company\/incluso\/"]},{"@type":"Person","@id":"https:\/\/www.incluso.se\/en\/#\/schema\/person\/47200680d9ef98fea63901a5473f244b","name":"StefanWittmoss","image":{"@type":"ImageObject","inLanguage":"en-US","@id":"https:\/\/secure.gravatar.com\/avatar\/286bfc0551342e73309b2719e407b93eb00b05f7fc965cca3a564553e93e4f3a?s=96&d=mm&r=g","url":"https:\/\/secure.gravatar.com\/avatar\/286bfc0551342e73309b2719e407b93eb00b05f7fc965cca3a564553e93e4f3a?s=96&d=mm&r=g","contentUrl":"https:\/\/secure.gravatar.com\/avatar\/286bfc0551342e73309b2719e407b93eb00b05f7fc965cca3a564553e93e4f3a?s=96&d=mm&r=g","caption":"StefanWittmoss"}}]}},"_links":{"self":[{"href":"https:\/\/www.incluso.se\/en\/wp-json\/wp\/v2\/posts\/2779","targetHints":{"allow":["GET"]}}],"collection":[{"href":"https:\/\/www.incluso.se\/en\/wp-json\/wp\/v2\/posts"}],"about":[{"href":"https:\/\/www.incluso.se\/en\/wp-json\/wp\/v2\/types\/post"}],"author":[{"embeddable":true,"href":"https:\/\/www.incluso.se\/en\/wp-json\/wp\/v2\/users\/1"}],"replies":[{"embeddable":true,"href":"https:\/\/www.incluso.se\/en\/wp-json\/wp\/v2\/comments?post=2779"}],"version-history":[{"count":0,"href":"https:\/\/www.incluso.se\/en\/wp-json\/wp\/v2\/posts\/2779\/revisions"}],"wp:attachment":[{"href":"https:\/\/www.incluso.se\/en\/wp-json\/wp\/v2\/media?parent=2779"}],"wp:term":[{"taxonomy":"category","embeddable":true,"href":"https:\/\/www.incluso.se\/en\/wp-json\/wp\/v2\/categories?post=2779"},{"taxonomy":"post_tag","embeddable":true,"href":"https:\/\/www.incluso.se\/en\/wp-json\/wp\/v2\/tags?post=2779"}],"curies":[{"name":"wp","href":"https:\/\/api.w.org\/{rel}","templated":true}]}}