{"id":1610,"date":"2015-11-17T17:13:07","date_gmt":"2015-11-17T16:13:07","guid":{"rendered":"https:\/\/www.incluso.se\/?p=1610"},"modified":"2016-03-18T16:38:50","modified_gmt":"2016-03-18T15:38:50","slug":"career-sweden","status":"publish","type":"post","link":"https:\/\/www.incluso.se\/en\/career-sweden\/","title":{"rendered":"Career Sweden"},"content":{"rendered":"<p>[et_pb_section admin_label=&#8221;section&#8221; transparent_background=&#8221;off&#8221; allow_player_pause=&#8221;off&#8221; inner_shadow=&#8221;off&#8221; parallax=&#8221;off&#8221; parallax_method=&#8221;off&#8221; padding_mobile=&#8221;off&#8221; make_fullwidth=&#8221;off&#8221; use_custom_width=&#8221;off&#8221; width_unit=&#8221;on&#8221; make_equal=&#8221;off&#8221; use_custom_gutter=&#8221;off&#8221;][et_pb_row admin_label=&#8221;row&#8221;][et_pb_column type=&#8221;4_4&#8243;][et_pb_post_title admin_label=&#8221;Post Title&#8221; title=&#8221;on&#8221; meta=&#8221;on&#8221; author=&#8221;off&#8221; date=&#8221;on&#8221; categories=&#8221;off&#8221; comments=&#8221;off&#8221; featured_image=&#8221;on&#8221; featured_placement=&#8221;below&#8221; parallax_effect=&#8221;on&#8221; parallax_method=&#8221;on&#8221; text_orientation=&#8221;center&#8221; text_color=&#8221;dark&#8221; text_background=&#8221;off&#8221; text_bg_color=&#8221;rgba(255,255,255,0.9)&#8221; module_bg_color=&#8221;rgba(255,255,255,0)&#8221; title_all_caps=&#8221;off&#8221; use_border_color=&#8221;off&#8221; border_color=&#8221;#ffffff&#8221; border_style=&#8221;solid&#8221;]<\/p>\n<p>&nbsp;<\/p>\n<p>[\/et_pb_post_title][et_pb_image admin_label=&#8221;Image&#8221; show_in_lightbox=&#8221;off&#8221; url_new_window=&#8221;off&#8221; animation=&#8221;off&#8221; sticky=&#8221;off&#8221; align=&#8221;center&#8221; force_fullwidth=&#8221;off&#8221; always_center_on_mobile=&#8221;on&#8221; use_border_color=&#8221;off&#8221; border_color=&#8221;#ffffff&#8221; border_style=&#8221;solid&#8221; src=&#8221;https:\/\/www.incluso.se\/wp-content\/uploads\/2015\/11\/CSNewsHeaderV4.png&#8221;]<\/p>\n<p>&nbsp;<\/p>\n<p>[\/et_pb_image][et_pb_divider admin_label=&#8221;Divider&#8221; color=&#8221;#f17c30&#8243; show_divider=&#8221;on&#8221; divider_style=&#8221;solid&#8221; divider_position=&#8221;top&#8221; hide_on_mobile=&#8221;off&#8221; height=&#8221;10&#8243;]<\/p>\n<p>&nbsp;<\/p>\n<p>[\/et_pb_divider][et_pb_image admin_label=&#8221;Image&#8221; src=&#8221;https:\/\/www.incluso.se\/wp-content\/uploads\/2015\/11\/career-sweden-150bred.png&#8221; show_in_lightbox=&#8221;off&#8221; url_new_window=&#8221;off&#8221; animation=&#8221;off&#8221; sticky=&#8221;off&#8221; align=&#8221;center&#8221; force_fullwidth=&#8221;off&#8221; always_center_on_mobile=&#8221;on&#8221; use_border_color=&#8221;off&#8221; border_color=&#8221;#ffffff&#8221; border_style=&#8221;solid&#8221;]<\/p>\n<p>[\/et_pb_image][et_pb_text admin_label=&#8221;Text Inneh\u00e5ll\/Body&#8221; background_layout=&#8221;light&#8221; text_orientation=&#8221;left&#8221; use_border_color=&#8221;off&#8221; border_color=&#8221;#ffffff&#8221; border_style=&#8221;solid&#8221;]<\/p>\n<p>&nbsp;<\/p>\n<p style=\"text-align: center;\"><strong>Amendo och Incluso lanserar <em>Career Sweden<\/em> f\u00f6r internationell kompetens.<\/strong><\/p>\n<p><strong><em>Career Sweden <\/em><\/strong><strong>\u00e4r en rekryteringstj\u00e4nst f\u00f6r arbetsgivare att n\u00e5 och ta tillvara den outnyttjade kompetens som finns bland utrikesf\u00f6dda akademiker. Initiativet \u00e4r framtaget av Amendo och Incluso som ett steg i processen att underl\u00e4tta f\u00f6r nyanl\u00e4nda akademiker att p\u00e5b\u00f6rja och bygga sin karri\u00e4r i Sverige.<\/strong><strong>\u00a0<\/strong><\/p>\n<p>Inom flertalet yrkesgrupper r\u00e5der stor kompetensbrist samtidigt som det finns en stor andel h\u00f6gskoleutbildade bland de som s\u00f6ker sig hit. M\u00e5nga har just den utbildning och kompetens som det r\u00e5der brist p\u00e5 men trots det \u00e4r det sv\u00e5rt att komma in p\u00e5 arbetsmarknaden. <em>Career Sweden<\/em> vill skapa en m\u00f6jlighet f\u00f6r arbetsgivarna att n\u00e5 och ta tillvara denna grupp genom att erbjuda rekryteringstj\u00e4nster till en kvalificerad praktik. I tj\u00e4nsten ing\u00e5r ocks\u00e5 coachning, fadderskapsuppl\u00e4gg och handledning f\u00f6r att underl\u00e4tta f\u00f6r arbetsgivaren i sitt inkluderingsarbete.<\/p>\n<p>\u201dF\u00f6r oss p\u00e5 Amendo \u00e4r det h\u00e4r helt r\u00e4tt satsning. Vi har sedan l\u00e4nge arbetat med kompetensbaserad rekrytering och samtidigt k\u00e4nt att vi vill ta ett mer aktivt steg mot att s\u00e4kerst\u00e4lla m\u00e5ngfald i v\u00e5rt kandidaturval. Vi hoppas kunna hj\u00e4lpa f\u00f6retag att se alla f\u00f6rdelar som medarbetare med olika bakgrunder tillf\u00f6r och samtidigt ta tillvara p\u00e5 all den kompetens som finns i landet\u201d, s\u00e4ger Susanne Bagger, VD p\u00e5 Amendo.<\/p>\n<p>Kandidaterna har starka akademiska meriter och kvalifikationer f\u00f6r olika roller inom ekonomi, bank, finans och f\u00f6rs\u00e4kring. Exempel p\u00e5 kompetenser kan vara aktuarier, statistiker, analytiker, controllers och systemvetare.<\/p>\n<p>Incluso har drygt tio \u00e5rs erfarenhet av att arbeta med nyanl\u00e4nda utrikesf\u00f6dda akademiker och av att matcha dem p\u00e5 arbetsmarknaden. Tillsammans med Amendos expertis av rekrytering inom ekonomi, bank, finans och f\u00f6rs\u00e4kring ger <em>Career Sweden<\/em> ett effektivt s\u00e4tt f\u00f6r arbetsgivare att hitta efterfr\u00e5gade kompetenser och \u00f6ka den kulturella m\u00e5ngfalden bland sina anst\u00e4llda.<\/p>\n<p>David Lundborg, VD p\u00e5 Incluso:<br \/>\n\u201dVi \u00e4r j\u00e4tteglada att vi i Amendo funnit ett f\u00f6retag som liksom vi vill g\u00f6ra avtryck. Med <em>Career Sweden <\/em>hoppas vi att m\u00e5nga fler, i v\u00e5r st\u00e4ndigt v\u00e4xande kandidatpool f\u00e5r arbeten som motsvarar deras kompetens\u201d.<\/p>\n<p><strong><a href=\"http:\/\/www.amendo.se\/sv\/Vara-tjanster\/Career-Sweden\/\" target=\"_blank\">Career Sweden<\/a><\/strong><\/p>\n<p>&nbsp;<\/p>\n<p>[\/et_pb_text][et_pb_text admin_label=&#8221;Social media share&#8221; background_layout=&#8221;light&#8221; text_orientation=&#8221;left&#8221; use_border_color=&#8221;off&#8221; border_color=&#8221;#ffffff&#8221; border_style=&#8221;solid&#8221;]<\/p>\n<p><a href=\"https:\/\/www.linkedin.com\/shareArticle?mini=true&amp;url=http%3A\/\/www.incluso.se\/nyheter-career-sweden\/&amp;title=Career%20Sweden&amp;summary=&amp;source=\" target=\"_blank\"><img wpfc-lazyload-disable=\"true\" loading=\"lazy\" decoding=\"async\" class=\"alignnone wp-image-1449 size-full\" title=\"Dela p\u00e5 LinkedIn\" src=\"https:\/\/www.incluso.se\/wp-content\/uploads\/2015\/11\/incluso-symbol-linkedin-orange30.png\" alt=\"\" width=\"29\" height=\"30\" \/><\/a>\u00a0 \u00a0\u00a0<a href=\"https:\/\/www.facebook.com\/sharer\/sharer.php?u=http%3A\/\/www.incluso.se\/nyheter-career-sweden\/\" target=\"_blank\"><img wpfc-lazyload-disable=\"true\" loading=\"lazy\" decoding=\"async\" class=\"alignnone wp-image-1448 size-full\" title=\"Dela p\u00e5 Facebook\" src=\"https:\/\/www.incluso.se\/wp-content\/uploads\/2015\/11\/incluso-symbol-facebook-orange30.png\" alt=\"\" width=\"30\" height=\"30\" \/><\/a>\u00a0 \u00a0 <a href=\"https:\/\/twitter.com\/home?status=http%3A\/\/www.incluso.se\/nyheter-career-sweden\/\" target=\"_blank\"><img wpfc-lazyload-disable=\"true\" loading=\"lazy\" decoding=\"async\" class=\"alignnone wp-image-1450 size-full\" title=\"Dela p\u00e5 Twitter\" src=\"https:\/\/www.incluso.se\/wp-content\/uploads\/2015\/11\/incluso-symbol-twitter-orange30.png\" alt=\"\" width=\"37\" height=\"30\" \/><\/a>\u00a0 \u00a0\u00a0<a href=\"mailto:?&amp;subject=Career Sweden&amp;body=www.incluso.se\/nyheter-career-sweden\/\" target=\"_blank\"><img wpfc-lazyload-disable=\"true\" loading=\"lazy\" decoding=\"async\" class=\"alignnone wp-image-1535 size-full\" title=\"Maila nyheten\" src=\"https:\/\/www.incluso.se\/wp-content\/uploads\/2015\/11\/incluso-icon-mail-2-orange.png\" alt=\"incluso-icon-mail-2-orange\" width=\"45\" height=\"30\" \/><\/a><\/p>\n<p>[\/et_pb_text][et_pb_divider admin_label=&#8221;Divider&#8221; color=&#8221;#f17c30&#8243; show_divider=&#8221;on&#8221; divider_style=&#8221;solid&#8221; divider_position=&#8221;top&#8221; hide_on_mobile=&#8221;off&#8221;]<\/p>\n<p>&nbsp;<\/p>\n<p>[\/et_pb_divider][\/et_pb_column][\/et_pb_row][et_pb_row admin_label=&#8221;Row&#8221; make_fullwidth=&#8221;off&#8221; use_custom_width=&#8221;off&#8221; width_unit=&#8221;on&#8221; use_custom_gutter=&#8221;off&#8221; padding_mobile=&#8221;off&#8221; allow_player_pause=&#8221;off&#8221; parallax=&#8221;off&#8221; parallax_method=&#8221;off&#8221; make_equal=&#8221;off&#8221; padding_left_2=&#8221;0&#8243; column_padding_mobile=&#8221;on&#8221;][et_pb_column type=&#8221;1_4&#8243;][et_pb_image admin_label=&#8221;Image&#8221; src=&#8221;https:\/\/www.incluso.se\/wp-content\/uploads\/2015\/11\/David240x240.png&#8221; show_in_lightbox=&#8221;off&#8221; url_new_window=&#8221;off&#8221; animation=&#8221;off&#8221; sticky=&#8221;off&#8221; align=&#8221;left&#8221; force_fullwidth=&#8221;off&#8221; always_center_on_mobile=&#8221;on&#8221; use_border_color=&#8221;off&#8221; border_color=&#8221;#ffffff&#8221; border_style=&#8221;solid&#8221;]<\/p>\n<p>[\/et_pb_image][\/et_pb_column][et_pb_column type=&#8221;1_4&#8243;][et_pb_text admin_label=&#8221;Text&#8221; background_layout=&#8221;light&#8221; text_orientation=&#8221;left&#8221; use_border_color=&#8221;off&#8221; border_color=&#8221;#ffffff&#8221; border_style=&#8221;solid&#8221;]<\/p>\n<p>David Lundborg<br \/>\n<em style=\"line-height: 1.5;\">VD Incluso<\/em><\/p>\n<h6><span style=\"color: #ff6600;\"><a style=\"color: #ff6600;\" href=\"mailto:david@incluso.se\" target=\"_blank\">david@incluso.se<\/a><\/span><\/h6>\n<p>0701 &#8211; 50 61 00<a href=\"https:\/\/www.incluso.se\" target=\"_blank\"><br \/>\nwww.incluso.se<\/a><\/p>\n<p>&nbsp;<\/p>\n<p>[\/et_pb_text][\/et_pb_column][et_pb_column type=&#8221;1_4&#8243;][et_pb_image admin_label=&#8221;Image&#8221; src=&#8221;https:\/\/www.incluso.se\/wp-content\/uploads\/2015\/11\/Susanne240x240.png&#8221; show_in_lightbox=&#8221;off&#8221; url_new_window=&#8221;off&#8221; animation=&#8221;off&#8221; sticky=&#8221;off&#8221; align=&#8221;left&#8221; force_fullwidth=&#8221;off&#8221; always_center_on_mobile=&#8221;on&#8221; use_border_color=&#8221;off&#8221; border_color=&#8221;#ffffff&#8221; border_style=&#8221;solid&#8221;]<\/p>\n<p>[\/et_pb_image][\/et_pb_column][et_pb_column type=&#8221;1_4&#8243;][et_pb_text admin_label=&#8221;Text&#8221; background_layout=&#8221;light&#8221; text_orientation=&#8221;left&#8221; use_border_color=&#8221;off&#8221; border_color=&#8221;#ffffff&#8221; border_style=&#8221;solid&#8221;]<\/p>\n<p>Susanne Bagger<br \/>\n<em style=\"line-height: 1.5;\">VD Amendo<\/em><\/p>\n<h6><span style=\"color: #ff6600;\"><a style=\"color: #ff6600;\" href=\"mailto:susanne.bagger@amendo.se\" target=\"_blank\">susanne.bagger@amendo.se<\/a><\/span><\/h6>\n<p>0708 &#8211; 99 95 04<br \/>\n<a href=\"http:\/\/www.amendo.se\" target=\"_blank\">www.amendo.se<\/a><\/p>\n<p>&nbsp;<\/p>\n<p>&nbsp;<\/p>\n<p>[\/et_pb_text][\/et_pb_column][\/et_pb_row][et_pb_row admin_label=&#8221;Row&#8221;][et_pb_column type=&#8221;4_4&#8243;][et_pb_divider admin_label=&#8221;Divider&#8221; color=&#8221;#f17c30&#8243; show_divider=&#8221;on&#8221; divider_style=&#8221;solid&#8221; divider_position=&#8221;top&#8221; hide_on_mobile=&#8221;off&#8221;]<\/p>\n<p>[\/et_pb_divider][\/et_pb_column][\/et_pb_row][\/et_pb_section]<\/p>\n","protected":false},"excerpt":{"rendered":"<p>[et_pb_section admin_label=&#8221;section&#8221; transparent_background=&#8221;off&#8221; allow_player_pause=&#8221;off&#8221; inner_shadow=&#8221;off&#8221; parallax=&#8221;off&#8221; parallax_method=&#8221;off&#8221; padding_mobile=&#8221;off&#8221; make_fullwidth=&#8221;off&#8221; use_custom_width=&#8221;off&#8221; width_unit=&#8221;on&#8221; make_equal=&#8221;off&#8221; use_custom_gutter=&#8221;off&#8221;][et_pb_row admin_label=&#8221;row&#8221;][et_pb_column type=&#8221;4_4&#8243;][et_pb_post_title admin_label=&#8221;Post Title&#8221; title=&#8221;on&#8221; meta=&#8221;on&#8221; author=&#8221;off&#8221; date=&#8221;on&#8221; categories=&#8221;off&#8221; comments=&#8221;off&#8221; featured_image=&#8221;on&#8221; featured_placement=&#8221;below&#8221; parallax_effect=&#8221;on&#8221; parallax_method=&#8221;on&#8221; text_orientation=&#8221;center&#8221; text_color=&#8221;dark&#8221; text_background=&#8221;off&#8221; text_bg_color=&#8221;rgba(255,255,255,0.9)&#8221; module_bg_color=&#8221;rgba(255,255,255,0)&#8221; title_all_caps=&#8221;off&#8221; use_border_color=&#8221;off&#8221; border_color=&#8221;#ffffff&#8221; border_style=&#8221;solid&#8221;] &nbsp; [\/et_pb_post_title][et_pb_image admin_label=&#8221;Image&#8221; show_in_lightbox=&#8221;off&#8221; url_new_window=&#8221;off&#8221; animation=&#8221;off&#8221; sticky=&#8221;off&#8221; align=&#8221;center&#8221; force_fullwidth=&#8221;off&#8221; always_center_on_mobile=&#8221;on&#8221; use_border_color=&#8221;off&#8221; border_color=&#8221;#ffffff&#8221; border_style=&#8221;solid&#8221; src=&#8221;https:\/\/www.incluso.se\/wp-content\/uploads\/2015\/11\/CSNewsHeaderV4.png&#8221;] &nbsp; [\/et_pb_image][et_pb_divider admin_label=&#8221;Divider&#8221; color=&#8221;#f17c30&#8243; show_divider=&#8221;on&#8221; [&hellip;]<\/p>\n","protected":false},"author":1,"featured_media":0,"comment_status":"closed","ping_status":"open","sticky":false,"template":"","format":"standard","meta":{"_et_pb_use_builder":"","_et_pb_old_content":"","_et_gb_content_width":"","_monsterinsights_skip_tracking":false,"_monsterinsights_sitenote_active":false,"_monsterinsights_sitenote_note":"","_monsterinsights_sitenote_category":0,"footnotes":""},"categories":[9],"tags":[],"class_list":["post-1610","post","type-post","status-publish","format-standard","hentry","category-nyheter-en"],"yoast_head":"<!-- This site is optimized with the Yoast SEO plugin v27.3 - https:\/\/yoast.com\/product\/yoast-seo-wordpress\/ -->\n<title>Incluso | Career Sweden | Amendo<\/title>\n<meta name=\"description\" content=\"Incluso and Amendo introduce Career Sweden.\" \/>\n<meta name=\"robots\" content=\"index, follow, max-snippet:-1, max-image-preview:large, max-video-preview:-1\" \/>\n<link rel=\"canonical\" href=\"https:\/\/www.incluso.se\/en\/career-sweden\/\" \/>\n<meta name=\"twitter:label1\" content=\"Written by\" \/>\n\t<meta name=\"twitter:data1\" content=\"StefanWittmoss\" \/>\n\t<meta name=\"twitter:label2\" content=\"Est. reading time\" \/>\n\t<meta name=\"twitter:data2\" content=\"5 minutes\" \/>\n<script type=\"application\/ld+json\" class=\"yoast-schema-graph\">{\"@context\":\"https:\\\/\\\/schema.org\",\"@graph\":[{\"@type\":\"Article\",\"@id\":\"https:\\\/\\\/www.incluso.se\\\/en\\\/career-sweden\\\/#article\",\"isPartOf\":{\"@id\":\"https:\\\/\\\/www.incluso.se\\\/en\\\/career-sweden\\\/\"},\"author\":{\"name\":\"StefanWittmoss\",\"@id\":\"https:\\\/\\\/www.incluso.se\\\/en\\\/#\\\/schema\\\/person\\\/47200680d9ef98fea63901a5473f244b\"},\"headline\":\"Career Sweden\",\"datePublished\":\"2015-11-17T16:13:07+00:00\",\"dateModified\":\"2016-03-18T15:38:50+00:00\",\"mainEntityOfPage\":{\"@id\":\"https:\\\/\\\/www.incluso.se\\\/en\\\/career-sweden\\\/\"},\"wordCount\":1018,\"publisher\":{\"@id\":\"https:\\\/\\\/www.incluso.se\\\/en\\\/#organization\"},\"image\":{\"@id\":\"https:\\\/\\\/www.incluso.se\\\/en\\\/career-sweden\\\/#primaryimage\"},\"thumbnailUrl\":\"https:\\\/\\\/www.incluso.se\\\/wp-content\\\/uploads\\\/2015\\\/11\\\/incluso-symbol-linkedin-orange30.png\",\"articleSection\":[\"Nyheter @en\"],\"inLanguage\":\"en-US\"},{\"@type\":\"WebPage\",\"@id\":\"https:\\\/\\\/www.incluso.se\\\/en\\\/career-sweden\\\/\",\"url\":\"https:\\\/\\\/www.incluso.se\\\/en\\\/career-sweden\\\/\",\"name\":\"Incluso | Career Sweden | Amendo\",\"isPartOf\":{\"@id\":\"https:\\\/\\\/www.incluso.se\\\/en\\\/#website\"},\"primaryImageOfPage\":{\"@id\":\"https:\\\/\\\/www.incluso.se\\\/en\\\/career-sweden\\\/#primaryimage\"},\"image\":{\"@id\":\"https:\\\/\\\/www.incluso.se\\\/en\\\/career-sweden\\\/#primaryimage\"},\"thumbnailUrl\":\"https:\\\/\\\/www.incluso.se\\\/wp-content\\\/uploads\\\/2015\\\/11\\\/incluso-symbol-linkedin-orange30.png\",\"datePublished\":\"2015-11-17T16:13:07+00:00\",\"dateModified\":\"2016-03-18T15:38:50+00:00\",\"description\":\"Incluso and Amendo introduce Career Sweden.\",\"breadcrumb\":{\"@id\":\"https:\\\/\\\/www.incluso.se\\\/en\\\/career-sweden\\\/#breadcrumb\"},\"inLanguage\":\"en-US\",\"potentialAction\":[{\"@type\":\"ReadAction\",\"target\":[\"https:\\\/\\\/www.incluso.se\\\/en\\\/career-sweden\\\/\"]}]},{\"@type\":\"ImageObject\",\"inLanguage\":\"en-US\",\"@id\":\"https:\\\/\\\/www.incluso.se\\\/en\\\/career-sweden\\\/#primaryimage\",\"url\":\"https:\\\/\\\/www.incluso.se\\\/wp-content\\\/uploads\\\/2015\\\/11\\\/incluso-symbol-linkedin-orange30.png\",\"contentUrl\":\"https:\\\/\\\/www.incluso.se\\\/wp-content\\\/uploads\\\/2015\\\/11\\\/incluso-symbol-linkedin-orange30.png\"},{\"@type\":\"BreadcrumbList\",\"@id\":\"https:\\\/\\\/www.incluso.se\\\/en\\\/career-sweden\\\/#breadcrumb\",\"itemListElement\":[{\"@type\":\"ListItem\",\"position\":1,\"name\":\"Hem\",\"item\":\"https:\\\/\\\/www.incluso.se\\\/en\\\/\"},{\"@type\":\"ListItem\",\"position\":2,\"name\":\"Career Sweden\"}]},{\"@type\":\"WebSite\",\"@id\":\"https:\\\/\\\/www.incluso.se\\\/en\\\/#website\",\"url\":\"https:\\\/\\\/www.incluso.se\\\/en\\\/\",\"name\":\"Incluso\",\"description\":\"Recruitment and staffing\",\"publisher\":{\"@id\":\"https:\\\/\\\/www.incluso.se\\\/en\\\/#organization\"},\"potentialAction\":[{\"@type\":\"SearchAction\",\"target\":{\"@type\":\"EntryPoint\",\"urlTemplate\":\"https:\\\/\\\/www.incluso.se\\\/en\\\/?s={search_term_string}\"},\"query-input\":{\"@type\":\"PropertyValueSpecification\",\"valueRequired\":true,\"valueName\":\"search_term_string\"}}],\"inLanguage\":\"en-US\"},{\"@type\":\"Organization\",\"@id\":\"https:\\\/\\\/www.incluso.se\\\/en\\\/#organization\",\"name\":\"Incluso\",\"url\":\"https:\\\/\\\/www.incluso.se\\\/en\\\/\",\"logo\":{\"@type\":\"ImageObject\",\"inLanguage\":\"en-US\",\"@id\":\"https:\\\/\\\/www.incluso.se\\\/en\\\/#\\\/schema\\\/logo\\\/image\\\/\",\"url\":\"https:\\\/\\\/www.incluso.se\\\/wp-content\\\/uploads\\\/2015\\\/03\\\/Logga130.png\",\"contentUrl\":\"https:\\\/\\\/www.incluso.se\\\/wp-content\\\/uploads\\\/2015\\\/03\\\/Logga130.png\",\"width\":130,\"height\":52,\"caption\":\"Incluso\"},\"image\":{\"@id\":\"https:\\\/\\\/www.incluso.se\\\/en\\\/#\\\/schema\\\/logo\\\/image\\\/\"},\"sameAs\":[\"https:\\\/\\\/www.facebook.com\\\/inclusoAB\",\"https:\\\/\\\/x.com\\\/InclusoAB\",\"https:\\\/\\\/www.linkedin.com\\\/company\\\/incluso\\\/\"]},{\"@type\":\"Person\",\"@id\":\"https:\\\/\\\/www.incluso.se\\\/en\\\/#\\\/schema\\\/person\\\/47200680d9ef98fea63901a5473f244b\",\"name\":\"StefanWittmoss\",\"image\":{\"@type\":\"ImageObject\",\"inLanguage\":\"en-US\",\"@id\":\"https:\\\/\\\/secure.gravatar.com\\\/avatar\\\/286bfc0551342e73309b2719e407b93eb00b05f7fc965cca3a564553e93e4f3a?s=96&d=mm&r=g\",\"url\":\"https:\\\/\\\/secure.gravatar.com\\\/avatar\\\/286bfc0551342e73309b2719e407b93eb00b05f7fc965cca3a564553e93e4f3a?s=96&d=mm&r=g\",\"contentUrl\":\"https:\\\/\\\/secure.gravatar.com\\\/avatar\\\/286bfc0551342e73309b2719e407b93eb00b05f7fc965cca3a564553e93e4f3a?s=96&d=mm&r=g\",\"caption\":\"StefanWittmoss\"}}]}<\/script>\n<!-- \/ Yoast SEO plugin. -->","yoast_head_json":{"title":"Incluso | Career Sweden | Amendo","description":"Incluso and Amendo introduce Career Sweden.","robots":{"index":"index","follow":"follow","max-snippet":"max-snippet:-1","max-image-preview":"max-image-preview:large","max-video-preview":"max-video-preview:-1"},"canonical":"https:\/\/www.incluso.se\/en\/career-sweden\/","twitter_misc":{"Written by":"StefanWittmoss","Est. reading time":"5 minutes"},"schema":{"@context":"https:\/\/schema.org","@graph":[{"@type":"Article","@id":"https:\/\/www.incluso.se\/en\/career-sweden\/#article","isPartOf":{"@id":"https:\/\/www.incluso.se\/en\/career-sweden\/"},"author":{"name":"StefanWittmoss","@id":"https:\/\/www.incluso.se\/en\/#\/schema\/person\/47200680d9ef98fea63901a5473f244b"},"headline":"Career Sweden","datePublished":"2015-11-17T16:13:07+00:00","dateModified":"2016-03-18T15:38:50+00:00","mainEntityOfPage":{"@id":"https:\/\/www.incluso.se\/en\/career-sweden\/"},"wordCount":1018,"publisher":{"@id":"https:\/\/www.incluso.se\/en\/#organization"},"image":{"@id":"https:\/\/www.incluso.se\/en\/career-sweden\/#primaryimage"},"thumbnailUrl":"https:\/\/www.incluso.se\/wp-content\/uploads\/2015\/11\/incluso-symbol-linkedin-orange30.png","articleSection":["Nyheter @en"],"inLanguage":"en-US"},{"@type":"WebPage","@id":"https:\/\/www.incluso.se\/en\/career-sweden\/","url":"https:\/\/www.incluso.se\/en\/career-sweden\/","name":"Incluso | Career Sweden | Amendo","isPartOf":{"@id":"https:\/\/www.incluso.se\/en\/#website"},"primaryImageOfPage":{"@id":"https:\/\/www.incluso.se\/en\/career-sweden\/#primaryimage"},"image":{"@id":"https:\/\/www.incluso.se\/en\/career-sweden\/#primaryimage"},"thumbnailUrl":"https:\/\/www.incluso.se\/wp-content\/uploads\/2015\/11\/incluso-symbol-linkedin-orange30.png","datePublished":"2015-11-17T16:13:07+00:00","dateModified":"2016-03-18T15:38:50+00:00","description":"Incluso and Amendo introduce Career Sweden.","breadcrumb":{"@id":"https:\/\/www.incluso.se\/en\/career-sweden\/#breadcrumb"},"inLanguage":"en-US","potentialAction":[{"@type":"ReadAction","target":["https:\/\/www.incluso.se\/en\/career-sweden\/"]}]},{"@type":"ImageObject","inLanguage":"en-US","@id":"https:\/\/www.incluso.se\/en\/career-sweden\/#primaryimage","url":"https:\/\/www.incluso.se\/wp-content\/uploads\/2015\/11\/incluso-symbol-linkedin-orange30.png","contentUrl":"https:\/\/www.incluso.se\/wp-content\/uploads\/2015\/11\/incluso-symbol-linkedin-orange30.png"},{"@type":"BreadcrumbList","@id":"https:\/\/www.incluso.se\/en\/career-sweden\/#breadcrumb","itemListElement":[{"@type":"ListItem","position":1,"name":"Hem","item":"https:\/\/www.incluso.se\/en\/"},{"@type":"ListItem","position":2,"name":"Career Sweden"}]},{"@type":"WebSite","@id":"https:\/\/www.incluso.se\/en\/#website","url":"https:\/\/www.incluso.se\/en\/","name":"Incluso","description":"Recruitment and staffing","publisher":{"@id":"https:\/\/www.incluso.se\/en\/#organization"},"potentialAction":[{"@type":"SearchAction","target":{"@type":"EntryPoint","urlTemplate":"https:\/\/www.incluso.se\/en\/?s={search_term_string}"},"query-input":{"@type":"PropertyValueSpecification","valueRequired":true,"valueName":"search_term_string"}}],"inLanguage":"en-US"},{"@type":"Organization","@id":"https:\/\/www.incluso.se\/en\/#organization","name":"Incluso","url":"https:\/\/www.incluso.se\/en\/","logo":{"@type":"ImageObject","inLanguage":"en-US","@id":"https:\/\/www.incluso.se\/en\/#\/schema\/logo\/image\/","url":"https:\/\/www.incluso.se\/wp-content\/uploads\/2015\/03\/Logga130.png","contentUrl":"https:\/\/www.incluso.se\/wp-content\/uploads\/2015\/03\/Logga130.png","width":130,"height":52,"caption":"Incluso"},"image":{"@id":"https:\/\/www.incluso.se\/en\/#\/schema\/logo\/image\/"},"sameAs":["https:\/\/www.facebook.com\/inclusoAB","https:\/\/x.com\/InclusoAB","https:\/\/www.linkedin.com\/company\/incluso\/"]},{"@type":"Person","@id":"https:\/\/www.incluso.se\/en\/#\/schema\/person\/47200680d9ef98fea63901a5473f244b","name":"StefanWittmoss","image":{"@type":"ImageObject","inLanguage":"en-US","@id":"https:\/\/secure.gravatar.com\/avatar\/286bfc0551342e73309b2719e407b93eb00b05f7fc965cca3a564553e93e4f3a?s=96&d=mm&r=g","url":"https:\/\/secure.gravatar.com\/avatar\/286bfc0551342e73309b2719e407b93eb00b05f7fc965cca3a564553e93e4f3a?s=96&d=mm&r=g","contentUrl":"https:\/\/secure.gravatar.com\/avatar\/286bfc0551342e73309b2719e407b93eb00b05f7fc965cca3a564553e93e4f3a?s=96&d=mm&r=g","caption":"StefanWittmoss"}}]}},"_links":{"self":[{"href":"https:\/\/www.incluso.se\/en\/wp-json\/wp\/v2\/posts\/1610","targetHints":{"allow":["GET"]}}],"collection":[{"href":"https:\/\/www.incluso.se\/en\/wp-json\/wp\/v2\/posts"}],"about":[{"href":"https:\/\/www.incluso.se\/en\/wp-json\/wp\/v2\/types\/post"}],"author":[{"embeddable":true,"href":"https:\/\/www.incluso.se\/en\/wp-json\/wp\/v2\/users\/1"}],"replies":[{"embeddable":true,"href":"https:\/\/www.incluso.se\/en\/wp-json\/wp\/v2\/comments?post=1610"}],"version-history":[{"count":0,"href":"https:\/\/www.incluso.se\/en\/wp-json\/wp\/v2\/posts\/1610\/revisions"}],"wp:attachment":[{"href":"https:\/\/www.incluso.se\/en\/wp-json\/wp\/v2\/media?parent=1610"}],"wp:term":[{"taxonomy":"category","embeddable":true,"href":"https:\/\/www.incluso.se\/en\/wp-json\/wp\/v2\/categories?post=1610"},{"taxonomy":"post_tag","embeddable":true,"href":"https:\/\/www.incluso.se\/en\/wp-json\/wp\/v2\/tags?post=1610"}],"curies":[{"name":"wp","href":"https:\/\/api.w.org\/{rel}","templated":true}]}}